{"id":2348,"date":"2019-12-06T16:41:36","date_gmt":"2019-12-06T21:41:36","guid":{"rendered":"https:\/\/journeyofabraid.com\/?post_type=press&#038;p=2348"},"modified":"2021-01-18T16:52:46","modified_gmt":"2021-01-18T21:52:46","slug":"danie-gomez-ortigoza-featured-on-the-cut","status":"publish","type":"press","link":"https:\/\/journeyofabraid.com\/es\/press\/danie-gomez-ortigoza-featured-on-the-cut\/","title":{"rendered":"Dani\u00e9 G\u00f3mez Ortigoza aparece en The Cut"},"content":{"rendered":"<p>Esta semana, amantes del arte, conocedores de la moda y otras personas fabulosas volaron a Florida para Art Basel Miami, una feria de arte anual que comienza el jueves y se extiende hasta el fin de semana. Muchas celebridades optaron por unirse a las festividades temprano, asistiendo a desfiles, galer\u00edas y, por supuesto, fiestas. David Beckham brill\u00f3 con un traje completamente plateado mientras estaba sentado en la primera fila en el desfile de hombres Dior Pre-Fall 2020. Orville Peck le dio a su look an\u00f3nimo caracter\u00edstico una renovaci\u00f3n en la marca de dise\u00f1ador completa. Y Swizz Beatz nos dio color con un gorro verde ne\u00f3n, una chaqueta y unas gafas de sol a juego. \u00bfQui\u00e9n luci\u00f3 el mejor look? Despl\u00e1cese para ver a todos a continuaci\u00f3n.<\/p>","protected":false},"excerpt":{"rendered":"<p>This week, art lovers, fashion insiders, and other fabulous people flew to Florida for Art Basel Miami, an annual art fair beginning Thursday and running through the weekend. Many celebs opted to join the festivities early, attending kick-off runway shows, galleries, and, of course, parties. David Beckham shined in an all-silver suit while sitting front [&hellip;]<\/p>\n","protected":false},"author":2,"featured_media":2349,"template":"","meta":{"_acf_changed":false,"_monsterinsights_skip_tracking":false,"footnotes":""},"tags":[],"press_category":[146],"class_list":["post-2348","press","type-press","status-publish","has-post-thumbnail","hentry","press_category-web"],"acf":[],"_links":{"self":[{"href":"https:\/\/journeyofabraid.com\/es\/wp-json\/wp\/v2\/press\/2348","targetHints":{"allow":["GET"]}}],"collection":[{"href":"https:\/\/journeyofabraid.com\/es\/wp-json\/wp\/v2\/press"}],"about":[{"href":"https:\/\/journeyofabraid.com\/es\/wp-json\/wp\/v2\/types\/press"}],"author":[{"embeddable":true,"href":"https:\/\/journeyofabraid.com\/es\/wp-json\/wp\/v2\/users\/2"}],"version-history":[{"count":1,"href":"https:\/\/journeyofabraid.com\/es\/wp-json\/wp\/v2\/press\/2348\/revisions"}],"predecessor-version":[{"id":2350,"href":"https:\/\/journeyofabraid.com\/es\/wp-json\/wp\/v2\/press\/2348\/revisions\/2350"}],"wp:featuredmedia":[{"embeddable":true,"href":"https:\/\/journeyofabraid.com\/es\/wp-json\/wp\/v2\/media\/2349"}],"wp:attachment":[{"href":"https:\/\/journeyofabraid.com\/es\/wp-json\/wp\/v2\/media?parent=2348"}],"wp:term":[{"taxonomy":"post_tag","embeddable":true,"href":"https:\/\/journeyofabraid.com\/es\/wp-json\/wp\/v2\/tags?post=2348"},{"taxonomy":"press_category","embeddable":true,"href":"https:\/\/journeyofabraid.com\/es\/wp-json\/wp\/v2\/press_category?post=2348"}],"curies":[{"name":"wp","href":"https:\/\/api.w.org\/{rel}","templated":true}]}}