{"id":2362,"date":"2018-03-14T17:42:46","date_gmt":"2018-03-14T21:42:46","guid":{"rendered":"https:\/\/journeyofabraid.com\/?post_type=press&#038;p=2362"},"modified":"2021-01-18T17:46:26","modified_gmt":"2021-01-18T22:46:26","slug":"danie-gomez-ortigoza-featured-in-miami-community-newspapers","status":"publish","type":"press","link":"https:\/\/journeyofabraid.com\/es\/press\/danie-gomez-ortigoza-featured-in-miami-community-newspapers\/","title":{"rendered":"Dani\u00e9 G\u00f3mez Ortigoza aparece en Miami Community Newspapers"},"content":{"rendered":"<p>Alice + Olivia de Stacey Bendet celebr\u00f3 el D\u00eda Internacional de la Mujer con la apertura de su magn\u00edfica tienda insignia en el principal destino de compras de Miami, el Design District. La directora ejecutiva y creativa de Alice + Olivia, Stacey Bendet, fue la anfitriona de la colorida velada junto a Christina Getty, Dani\u00e9 G\u00f3mez Ortigoza y Carolina Lindo. Invitados como Martha Graeff, Andy Faerman, Kelly Saks, Christie Ferrari, Angeles Almuna, Ginger Harris, Stephanie Pernas, Rachel Zalis, Alicia Peristeris, Daniela Morgenstern, Andrea Minski, Kim Caceres, Tamar Tzubeli, Kier Mellour y Ximena Kavalekas exploraron el nuevo espacio dise\u00f1ado por el reconocido dise\u00f1ador de interiores Robert Couturier mientras disfruta de Casamigos Casa Lavender Lemonade, Spicy Pepino Jalape\u00f1o Margaritas, paletas de helado con infusi\u00f3n de Casamigos y m\u00fasica de Coco Hara.<\/p>","protected":false},"excerpt":{"rendered":"<p>Alice + Olivia by Stacey Bendet celebrated International Women\u2019s Day with the opening of its gorgeous flagship store in Miami\u2019s premiere shopping destination, the Design District. Alice + Olivia CEO and Creative Director Stacey Bendet hosted the colorful soiree alongside Christina Getty, Dani\u00e9 G\u00f3mez Ortigoza and Carolina Lindo. Guests including Martha Graeff, Andy Faerman, Kelly [&hellip;]<\/p>\n","protected":false},"author":2,"featured_media":2363,"template":"","meta":{"_acf_changed":false,"_monsterinsights_skip_tracking":false,"footnotes":""},"tags":[],"press_category":[146],"class_list":["post-2362","press","type-press","status-publish","has-post-thumbnail","hentry","press_category-web"],"acf":[],"_links":{"self":[{"href":"https:\/\/journeyofabraid.com\/es\/wp-json\/wp\/v2\/press\/2362","targetHints":{"allow":["GET"]}}],"collection":[{"href":"https:\/\/journeyofabraid.com\/es\/wp-json\/wp\/v2\/press"}],"about":[{"href":"https:\/\/journeyofabraid.com\/es\/wp-json\/wp\/v2\/types\/press"}],"author":[{"embeddable":true,"href":"https:\/\/journeyofabraid.com\/es\/wp-json\/wp\/v2\/users\/2"}],"version-history":[{"count":1,"href":"https:\/\/journeyofabraid.com\/es\/wp-json\/wp\/v2\/press\/2362\/revisions"}],"predecessor-version":[{"id":2364,"href":"https:\/\/journeyofabraid.com\/es\/wp-json\/wp\/v2\/press\/2362\/revisions\/2364"}],"wp:featuredmedia":[{"embeddable":true,"href":"https:\/\/journeyofabraid.com\/es\/wp-json\/wp\/v2\/media\/2363"}],"wp:attachment":[{"href":"https:\/\/journeyofabraid.com\/es\/wp-json\/wp\/v2\/media?parent=2362"}],"wp:term":[{"taxonomy":"post_tag","embeddable":true,"href":"https:\/\/journeyofabraid.com\/es\/wp-json\/wp\/v2\/tags?post=2362"},{"taxonomy":"press_category","embeddable":true,"href":"https:\/\/journeyofabraid.com\/es\/wp-json\/wp\/v2\/press_category?post=2362"}],"curies":[{"name":"wp","href":"https:\/\/api.w.org\/{rel}","templated":true}]}}